{"id":150,"date":"2026-04-24T15:00:33","date_gmt":"2026-04-24T15:00:33","guid":{"rendered":"https:\/\/meiominuto.net\/index.php\/2026\/04\/24\/saude-mental-pos-pandemia-em-2026-como-estamos-realmente\/"},"modified":"2026-04-24T15:00:33","modified_gmt":"2026-04-24T15:00:33","slug":"saude-mental-pos-pandemia-em-2026-como-estamos-realmente","status":"publish","type":"post","link":"https:\/\/meiominuto.net\/index.php\/2026\/04\/24\/saude-mental-pos-pandemia-em-2026-como-estamos-realmente\/","title":{"rendered":"&#8220;Sa\u00fade mental p\u00f3s-pandemia em 2026: Como estamos realmente?&#8221;"},"content":{"rendered":"<p>Imagine acordar em um mundo onde os resqu\u00edcios de uma pandemia global ainda oscilam como sombras persistentes em nossa psique coletiva. Em 2026, a pandemia de COVID-19 j\u00e1 \u00e9 uma mem\u00f3ria distante para alguns, mas as cicatrizes emocionais ainda s\u00e3o palp\u00e1veis para muitos. Voc\u00ea j\u00e1 parou para pensar como essas cicatrizes moldaram nossa sa\u00fade mental nos dias de hoje?<\/p>\n<h2>O Legado da Pandemia<\/h2>\n<p>Durante os momentos mais sombrios da pandemia, o isolamento social, as perdas inesperadas e a ansiedade constante tornaram-se parte do cotidiano. Isso n\u00e3o \u00e9 novidade. Entretanto, a parte que a maioria das pessoas n\u00e3o percebe \u00e9 como esses fatores continuam a influenciar nosso bem-estar psicol\u00f3gico mesmo anos depois. Em 2026, ainda lidamos com as consequ\u00eancias de um trauma coletivo, que redefiniu como percebemos nosso pr\u00f3prio estado mental e o dos outros ao nosso redor.<\/p>\n<h3>Aumento dos Transtornos Mentais<\/h3>\n<p>Um estudo recente realizado pela Universidade de S\u00e3o Paulo revelou que os transtornos de ansiedade e depress\u00e3o continuam em n\u00edveis elevados, mesmo ap\u00f3s o fim da crise sanit\u00e1ria. Se voc\u00ea sente que n\u00e3o est\u00e1 sozinho nessa luta, \u00e9 porque realmente n\u00e3o est\u00e1. A normaliza\u00e7\u00e3o do sofrimento mental \u00e9 uma das heran\u00e7as mais cr\u00edticas da pandemia. O que antes era considerado exce\u00e7\u00e3o, hoje se tornou uma realidade comum para muitos.<\/p>\n<p>Mas, por que isso acontece? A resposta pode estar na forma como nosso c\u00e9rebro processa o estresse prolongado. Durante a pandemia, fomos submetidos a um estresse cont\u00ednuo, e o c\u00e9rebro humano n\u00e3o foi projetado para lidar com amea\u00e7as constantes dessa magnitude por longos per\u00edodos. Assim, a ansiedade e a depress\u00e3o persistem como um eco de tempos dif\u00edceis.<\/p>\n<h2>Buscando Ajuda: Uma Nova Perspectiva<\/h2>\n<p>Se voc\u00ea acha que pedir ajuda \u00e9 um sinal de fraqueza, \u00e9 hora de reavaliar essa cren\u00e7a. A pandemia trouxe \u00e0 tona a import\u00e2ncia da sa\u00fade mental e a necessidade de cuidar dela com a mesma seriedade que cuidamos da sa\u00fade f\u00edsica. Em 2026, vemos um aumento significativo na busca por terapia e aconselhamento psicol\u00f3gico. As pessoas est\u00e3o finalmente reconhecendo que n\u00e3o se trata apenas de &#8220;superar&#8221; os problemas, mas de aprender a viver com eles de maneira saud\u00e1vel.<\/p>\n<h3>Terapias e Tratamentos Modernos<\/h3>\n<p>Gra\u00e7as aos avan\u00e7os tecnol\u00f3gicos, tratamentos inovadores est\u00e3o mais acess\u00edveis do que nunca. A terapia online, por exemplo, tornou-se uma op\u00e7\u00e3o vi\u00e1vel e conveniente para muitos. Al\u00e9m disso, abordagens como a terapia cognitivo-comportamental e a medita\u00e7\u00e3o mindfulness ganharam popularidade, oferecendo novas ferramentas para aqueles que buscam equil\u00edbrio emocional.<\/p>\n<p>Um aspecto crucial que muitos ainda n\u00e3o perceberam \u00e9 o papel da tecnologia na democratiza\u00e7\u00e3o do acesso \u00e0 sa\u00fade mental. Aplicativos de sa\u00fade mental, por exemplo, est\u00e3o ajudando as pessoas a monitorar seus sentimentos, oferecendo exerc\u00edcios de relaxamento e at\u00e9 mesmo conectando usu\u00e1rios com profissionais qualificados.<\/p>\n<h2>Comunidade e Conex\u00e3o: Elementos Essenciais<\/h2>\n<p>Nunca subestimemos o poder da comunidade. Em 2026, a revaloriza\u00e7\u00e3o das conex\u00f5es humanas est\u00e1 em alta. O isolamento nos ensinou o valor dos relacionamentos e como eles s\u00e3o fundamentais para nossa sa\u00fade mental. Grupos de apoio, tanto presenciais quanto online, est\u00e3o proporcionando um espa\u00e7o seguro para as pessoas compartilharem suas experi\u00eancias e encontrarem solidariedade.<\/p>\n<h3>O Papel da Empatia<\/h3>\n<p>Uma das li\u00e7\u00f5es mais valiosas que a pandemia nos deixou \u00e9 a import\u00e2ncia da empatia. Aprendemos a olhar para o pr\u00f3ximo com mais compreens\u00e3o e a reconhecer que todos est\u00e3o travando suas pr\u00f3prias batalhas. Essa mudan\u00e7a de perspectiva \u00e9 um passo significativo para criar uma sociedade mais acolhedora e solid\u00e1ria.<\/p>\n<p>Mas, como podemos cultivar essa empatia? Come\u00e7a com pequenas a\u00e7\u00f5es: ouvir ativamente, oferecer apoio sem julgamento e estar presente para aqueles que amamos. A empatia n\u00e3o s\u00f3 melhora nossas rela\u00e7\u00f5es interpessoais, mas tamb\u00e9m contribui significativamente para o nosso pr\u00f3prio bem-estar emocional.<\/p>\n<h2>O Futuro da Sa\u00fade Mental<\/h2>\n<p>Olhando para o futuro, o que podemos esperar da sa\u00fade mental no p\u00f3s-pandemia? A conscientiza\u00e7\u00e3o crescente sobre a import\u00e2ncia da sa\u00fade mental \u00e9 um sinal encorajador. As empresas est\u00e3o cada vez mais reconhecendo a necessidade de apoiar o bem-estar psicol\u00f3gico de seus funcion\u00e1rios, implementando programas de sa\u00fade mental no local de trabalho.<\/p>\n<h3>Educa\u00e7\u00e3o e Preven\u00e7\u00e3o<\/h3>\n<p>Outro aspecto promissor \u00e9 a inclus\u00e3o da educa\u00e7\u00e3o sobre sa\u00fade mental nos curr\u00edculos escolares. Ensinar as crian\u00e7as sobre emo\u00e7\u00f5es, resili\u00eancia e formas de lidar com o estresse desde cedo pode ter um impacto duradouro e positivo. Ao equipar as novas gera\u00e7\u00f5es com essas ferramentas, estamos plantando as sementes para um futuro mais saud\u00e1vel e equilibrado.<\/p>\n<p>No entanto, ainda h\u00e1 desafios a serem superados. O estigma em torno da sa\u00fade mental, embora tenha diminu\u00eddo, ainda persiste em algumas culturas e comunidades. Continuar a promover o di\u00e1logo aberto e honesto sobre sa\u00fade mental \u00e9 essencial para desmantelar barreiras e garantir que todos tenham acesso ao apoio necess\u00e1rio.<\/p>\n<h2>Reflex\u00f5es Finais<\/h2>\n<p>Em 2026, embora tenhamos percorrido um longo caminho desde os dias mais sombrios da pandemia, a jornada em dire\u00e7\u00e3o a uma sa\u00fade mental plena e saud\u00e1vel continua. \u00c9 um esfor\u00e7o coletivo que requer compreens\u00e3o, inova\u00e7\u00e3o e, acima de tudo, empatia. Se voc\u00ea ainda sente as repercuss\u00f5es emocionais dos \u00faltimos anos, lembre-se de que n\u00e3o est\u00e1 sozinho e que h\u00e1 recursos e comunidades prontas para ajudar.<\/p>\n<p>A verdadeira mudan\u00e7a come\u00e7a com cada um de n\u00f3s. Ao cuidarmos de nossa sa\u00fade mental e apoiarmos uns aos outros, podemos construir um mundo onde a resili\u00eancia e a compaix\u00e3o s\u00e3o as for\u00e7as motrizes de uma sociedade mais humana e conectada.<\/p>\n","protected":false},"excerpt":{"rendered":"<p>A sa\u00fade mental p\u00f3s-pandemia em 2026 \u00e9 fundamental para o nosso bem-estar. Entenda como as experi\u00eancias recentes moldaram nossa forma de cuidar da mente e do cora\u00e7\u00e3o.<\/p>\n","protected":false},"author":0,"featured_media":151,"comment_status":"open","ping_status":"open","sticky":false,"template":"","format":"standard","meta":{"footnotes":""},"categories":[4],"tags":[163,161,162,160,165,164],"class_list":["post-150","post","type-post","status-publish","format-standard","has-post-thumbnail","hentry","category-saude","tag-cicatrizes-emocionais","tag-pandemia","tag-saude-mental","tag-saude-mental-pos-pandemia-em-2026","tag-transtornos-mentais","tag-trauma-coletivo"],"_links":{"self":[{"href":"https:\/\/meiominuto.net\/index.php\/wp-json\/wp\/v2\/posts\/150","targetHints":{"allow":["GET"]}}],"collection":[{"href":"https:\/\/meiominuto.net\/index.php\/wp-json\/wp\/v2\/posts"}],"about":[{"href":"https:\/\/meiominuto.net\/index.php\/wp-json\/wp\/v2\/types\/post"}],"replies":[{"embeddable":true,"href":"https:\/\/meiominuto.net\/index.php\/wp-json\/wp\/v2\/comments?post=150"}],"version-history":[{"count":0,"href":"https:\/\/meiominuto.net\/index.php\/wp-json\/wp\/v2\/posts\/150\/revisions"}],"wp:featuredmedia":[{"embeddable":true,"href":"https:\/\/meiominuto.net\/index.php\/wp-json\/wp\/v2\/media\/151"}],"wp:attachment":[{"href":"https:\/\/meiominuto.net\/index.php\/wp-json\/wp\/v2\/media?parent=150"}],"wp:term":[{"taxonomy":"category","embeddable":true,"href":"https:\/\/meiominuto.net\/index.php\/wp-json\/wp\/v2\/categories?post=150"},{"taxonomy":"post_tag","embeddable":true,"href":"https:\/\/meiominuto.net\/index.php\/wp-json\/wp\/v2\/tags?post=150"}],"curies":[{"name":"wp","href":"https:\/\/api.w.org\/{rel}","templated":true}]}}