{"id":144,"date":"2026-04-24T14:56:20","date_gmt":"2026-04-24T14:56:20","guid":{"rendered":"https:\/\/meiominuto.net\/index.php\/2026\/04\/24\/desvendando-o-impacto-das-mudancas-climaticas-em-2026\/"},"modified":"2026-04-24T14:56:20","modified_gmt":"2026-04-24T14:56:20","slug":"desvendando-o-impacto-das-mudancas-climaticas-em-2026","status":"publish","type":"post","link":"https:\/\/meiominuto.net\/index.php\/2026\/04\/24\/desvendando-o-impacto-das-mudancas-climaticas-em-2026\/","title":{"rendered":"&#8220;Desvendando o Impacto das Mudan\u00e7as Clim\u00e1ticas em 2026&#8221;"},"content":{"rendered":"<p>Imagine acordar em uma manh\u00e3 de ver\u00e3o em 2026 e perceber que a temperatura l\u00e1 fora j\u00e1 est\u00e1 acima de 30 graus Celsius. O ar est\u00e1 pesado, e a umidade parece sufocante. Se voc\u00ea sente que os ver\u00f5es est\u00e3o mais quentes e longos, voc\u00ea n\u00e3o est\u00e1 sozinho. Este \u00e9 apenas um dos muitos sinais de que as mudan\u00e7as clim\u00e1ticas est\u00e3o impactando nossas vidas de maneira cada vez mais palp\u00e1vel.<\/p>\n<h2>A Intensifica\u00e7\u00e3o dos Eventos Clim\u00e1ticos Extremos<\/h2>\n<p>Nos \u00faltimos anos, temos testemunhado uma intensifica\u00e7\u00e3o dos eventos clim\u00e1ticos extremos ao redor do mundo. Se em 2025 o n\u00famero de furac\u00f5es e tempestades tropicais j\u00e1 havia batido recordes, em 2026 vemos um aumento ainda mais alarmante. Estas tempestades n\u00e3o s\u00f3 se tornaram mais frequentes, mas tamb\u00e9m mais destrutivas. O impacto econ\u00f4mico \u00e9 devastador, com bilh\u00f5es de reais sendo gastos em reconstru\u00e7\u00e3o e assist\u00eancia emergencial. Al\u00e9m disso, a perda de vidas e a destrui\u00e7\u00e3o de comunidades inteiras deixam cicatrizes profundas e duradouras.<\/p>\n<h3>A Amea\u00e7a \u00e0 Seguran\u00e7a Alimentar<\/h3>\n<p>Outro efeito significativo das mudan\u00e7as clim\u00e1ticas \u00e9 a amea\u00e7a \u00e0 seguran\u00e7a alimentar. A agricultura, que depende diretamente das condi\u00e7\u00f5es clim\u00e1ticas, enfrenta desafios crescentes. Secas prolongadas e chuvas intensas afetam a produ\u00e7\u00e3o agr\u00edcola de maneira imprevis\u00edvel. Em 2026, os agricultores brasileiros relatam perdas significativas nas colheitas de milho e soja, dois dos principais produtos de exporta\u00e7\u00e3o do pa\u00eds. Isso n\u00e3o s\u00f3 afeta a economia, mas tamb\u00e9m a disponibilidade de alimentos dentro do territ\u00f3rio nacional.<\/p>\n<h2>Impactos na Sa\u00fade Humana<\/h2>\n<p>A sa\u00fade humana \u00e9 outra \u00e1rea profundamente afetada pelas mudan\u00e7as clim\u00e1ticas. Com o aumento das temperaturas, doen\u00e7as transmitidas por vetores, como a dengue e o zika v\u00edrus, se tornaram mais prevalentes. O aumento dos casos de doen\u00e7as respirat\u00f3rias tamb\u00e9m \u00e9 not\u00e1vel, j\u00e1 que a qualidade do ar piora com o calor extremo e a polui\u00e7\u00e3o. Hospitais em v\u00e1rias regi\u00f5es do Brasil relatam um aumento na demanda por servi\u00e7os de sa\u00fade, pressionando um sistema j\u00e1 sobrecarregado.<\/p>\n<h3>Desigualdade Social e Mudan\u00e7as Clim\u00e1ticas<\/h3>\n<p>Um aspecto que muitas pessoas n\u00e3o percebem \u00e9 como as mudan\u00e7as clim\u00e1ticas exacerbam as desigualdades sociais. As comunidades mais pobres s\u00e3o as mais vulner\u00e1veis, pois t\u00eam menos recursos para se adaptar e se recuperar dos desastres clim\u00e1ticos. Em 2026, vemos um aumento no n\u00famero de refugiados clim\u00e1ticos, pessoas que s\u00e3o for\u00e7adas a deixar suas casas devido a eventos clim\u00e1ticos extremos. Isso gera uma press\u00e3o adicional sobre as cidades, que precisam lidar com o aumento da popula\u00e7\u00e3o em condi\u00e7\u00f5es muitas vezes prec\u00e1rias.<\/p>\n<h2>Respostas e Solu\u00e7\u00f5es<\/h2>\n<p>Embora o cen\u00e1rio possa parecer desolador, h\u00e1 esfor\u00e7os em andamento para mitigar os impactos das mudan\u00e7as clim\u00e1ticas. Governos, organiza\u00e7\u00f5es n\u00e3o-governamentais e o setor privado est\u00e3o investindo em solu\u00e7\u00f5es sustent\u00e1veis e estrat\u00e9gias de adapta\u00e7\u00e3o. No Brasil, iniciativas de reflorestamento e a transi\u00e7\u00e3o para fontes de energia renov\u00e1vel est\u00e3o ganhando for\u00e7a. Essas a\u00e7\u00f5es s\u00e3o essenciais para reduzir as emiss\u00f5es de gases de efeito estufa e proteger nossos recursos naturais.<\/p>\n<h3>O Papel da Educa\u00e7\u00e3o e Conscientiza\u00e7\u00e3o<\/h3>\n<p>A educa\u00e7\u00e3o e a conscientiza\u00e7\u00e3o desempenham um papel fundamental na luta contra as mudan\u00e7as clim\u00e1ticas. Programas educacionais que buscam informar e engajar a popula\u00e7\u00e3o sobre a import\u00e2ncia da sustentabilidade est\u00e3o se tornando mais comuns. \u00c9 crucial que todos entendam como suas a\u00e7\u00f5es individuais podem contribuir para um futuro mais sustent\u00e1vel. Pequenas mudan\u00e7as nos h\u00e1bitos di\u00e1rios, como reduzir o consumo de pl\u00e1stico e optar por meios de transporte mais limpos, t\u00eam um impacto significativo quando adotadas em larga escala.<\/p>\n<h2>Um Chamado \u00e0 A\u00e7\u00e3o Coletiva<\/h2>\n<p>Em \u00faltima an\u00e1lise, enfrentar as mudan\u00e7as clim\u00e1ticas requer uma a\u00e7\u00e3o coletiva e coordenada. Governos, empresas e cidad\u00e3os precisam trabalhar juntos para promover uma mudan\u00e7a real e duradoura. Em 2026, estamos em um ponto cr\u00edtico onde cada decis\u00e3o conta. O futuro do nosso planeta depende das a\u00e7\u00f5es que tomamos hoje. Se nos unirmos em prol de um objetivo comum, podemos transformar os desafios em oportunidades e garantir um mundo melhor para as gera\u00e7\u00f5es futuras.<\/p>\n<p>Em suma, enquanto 2026 nos apresenta desafios clim\u00e1ticos sem precedentes, tamb\u00e9m nos oferece uma oportunidade \u00fanica de reavaliar e reimaginar nosso relacionamento com o meio ambiente. A mudan\u00e7a come\u00e7a com cada um de n\u00f3s, e juntos podemos fazer a diferen\u00e7a.<\/p>\n","protected":false},"excerpt":{"rendered":"<p>Entenda como as mudan\u00e7as clim\u00e1ticas em 2026 afetar\u00e3o nosso dia a dia e o futuro do planeta. Prepare-se para se adaptar e agir por um mundo mais sustent\u00e1vel!<\/p>\n","protected":false},"author":0,"featured_media":145,"comment_status":"open","ping_status":"open","sticky":false,"template":"","format":"standard","meta":{"footnotes":""},"categories":[8],"tags":[145,144,146,143,147,109],"class_list":["post-144","post","type-post","status-publish","format-standard","has-post-thumbnail","hentry","category-noticias","tag-aquecimento-global","tag-eventos-climaticos-extremos","tag-furacoes","tag-impacto-das-mudancas-climaticas-em-2026","tag-impacto-economico","tag-mudancas-climaticas"],"_links":{"self":[{"href":"https:\/\/meiominuto.net\/index.php\/wp-json\/wp\/v2\/posts\/144","targetHints":{"allow":["GET"]}}],"collection":[{"href":"https:\/\/meiominuto.net\/index.php\/wp-json\/wp\/v2\/posts"}],"about":[{"href":"https:\/\/meiominuto.net\/index.php\/wp-json\/wp\/v2\/types\/post"}],"replies":[{"embeddable":true,"href":"https:\/\/meiominuto.net\/index.php\/wp-json\/wp\/v2\/comments?post=144"}],"version-history":[{"count":0,"href":"https:\/\/meiominuto.net\/index.php\/wp-json\/wp\/v2\/posts\/144\/revisions"}],"wp:featuredmedia":[{"embeddable":true,"href":"https:\/\/meiominuto.net\/index.php\/wp-json\/wp\/v2\/media\/145"}],"wp:attachment":[{"href":"https:\/\/meiominuto.net\/index.php\/wp-json\/wp\/v2\/media?parent=144"}],"wp:term":[{"taxonomy":"category","embeddable":true,"href":"https:\/\/meiominuto.net\/index.php\/wp-json\/wp\/v2\/categories?post=144"},{"taxonomy":"post_tag","embeddable":true,"href":"https:\/\/meiominuto.net\/index.php\/wp-json\/wp\/v2\/tags?post=144"}],"curies":[{"name":"wp","href":"https:\/\/api.w.org\/{rel}","templated":true}]}}